{"id":5259,"date":"2016-01-23T18:41:20","date_gmt":"2016-01-23T16:41:20","guid":{"rendered":"http:\/\/www.diejuniors.com\/?p=5259"},"modified":"2018-05-19T09:28:57","modified_gmt":"2018-05-19T07:28:57","slug":"mein-schiff-3-adria-mit-kroatien-folge-3-kroatien-dubrovnik","status":"publish","type":"post","link":"https:\/\/www.diejuniors.com\/?p=5259","title":{"rendered":"Mein Schiff 3 \u2013 Adria mit Kroatien \u2013 Folge 3: Kroatien, Dubrovnik"},"content":{"rendered":"<p>Oh je Ihr Lieben! Eigentlich wollten wir Euch\u00a0hier Dubrovnik, die Perle der Adria, in bewegten Bildern zeigen. Aber wie es manchmal so ist: Es kommen Pech und Bl\u00f6dheit zusammen. So sind uns durch einen Datenverlust, samt unbrauchbarem Backup, alle Videodaten der restlichen Mein Schiff Adria Tour unwiderruflich verloren gegangen. Wir k\u00f6nnten echt heulen!<\/p>\n<p>Trotzdem m\u00f6chten wir Euch gerne unsere Eindr\u00fccke ein klein wenig vermitteln. Daher haben uns gedacht, wir zeigen Euch in den folgenden drei Episoden stattdessen oldschoolm\u00e4\u00dfig eine Diashow mit entsprechenden Kommentaren&#8230;\u00a0eigentlich nicht unser Standard, aber leider geht es nun nicht mehr anders \ud83d\ude41\u00a0Los gehts!<\/p>\n<p><!--more--><\/p>\n<p>httpvh:\/\/www.youtube.com\/watch?v=cHQc3THOcyQ<\/p>\n<p>Am fr\u00fchen Morgen legten wir im Hafen von Dubrovnik an. Auf diesen Tag freuten wir uns ganz besonders, schlie\u00dflich gilt Dubrovnik als eine der sch\u00f6nsten St\u00e4dte im gesamten Mittelmeerraum.<\/p>\n<figure id=\"attachment_5272\" aria-describedby=\"caption-attachment-5272\" style=\"width: 480px\" class=\"wp-caption aligncenter\"><a href=\"http:\/\/www.diejuniors.com\/?attachment_id=5272\" rel=\"attachment wp-att-5272\"><img loading=\"lazy\" decoding=\"async\" class=\"wp-image-5272 size-medium\" src=\"http:\/\/www.diejuniors.com\/wp-content\/uploads\/2016\/01\/2015_mein_schiff_3_001_900-480x270.jpg\" alt=\"2015_mein_schiff_3_001_900\" width=\"480\" height=\"270\" srcset=\"https:\/\/www.diejuniors.com\/wp-content\/uploads\/2016\/01\/2015_mein_schiff_3_001_900-480x270.jpg 480w, https:\/\/www.diejuniors.com\/wp-content\/uploads\/2016\/01\/2015_mein_schiff_3_001_900.jpg 900w\" sizes=\"auto, (max-width: 480px) 100vw, 480px\" \/><\/a><figcaption id=\"caption-attachment-5272\" class=\"wp-caption-text\">Die Mein Schiff 3 lieft im Hafen von Dubrovnik<\/figcaption><\/figure>\n<p>Mit dem Shuttle-Bus der Mein Schiff 3 lie\u00dfen wir uns in Richtung Altstadt zum Pile-Tor fahren. Hier wollten wir uns mit Peggy, unserem Guide f\u00fcr heute treffen.<\/p>\n<p>Schon vom\u00a0Bus aus konnten wir\u00a0die bis zu 24 Meter hohe und\u00a0drei bis\u00a0sechs Meter breite Stadtmauer bewundern&#8230; was f\u00fcr ein Bauwerk.<\/p>\n<p>Peggy wartete wie abgemacht vor dem Tor und gemeinsam bestiegen wir zun\u00e4chst diese imposante Stadtmauer. Uns fielen als erstes die vielen roten Dachziegel auf. Dabei waren die Ziegel urspr\u00fcnglich in der Regel eher ockerfarbend. Die Stadt wurde w\u00e4hrend des kroatischen Unabh\u00e4ngigkeitskrieges im Jahre 1991 von den serbisch-montenegrinischen Truppen stark zerst\u00f6rt. Noch w\u00e4hrend die Stadt beschossen wurde, hat die UNESCO die Altstadt auf die Liste der Weltkulturerbe gesetzt. Aber erst eine Gegenoffensive konnte die Belagerung und die Angriffe auf die Stadt nach\u00a0neun Monaten beenden. Heute ist von den Kriegssch\u00e4den nur noch wenig zu sehen, allerdings pr\u00e4gen heute rote Dachziegel das Stadtbild.<\/p>\n<figure id=\"attachment_5274\" aria-describedby=\"caption-attachment-5274\" style=\"width: 480px\" class=\"wp-caption aligncenter\"><a href=\"http:\/\/www.diejuniors.com\/?attachment_id=5274\" rel=\"attachment wp-att-5274\"><img loading=\"lazy\" decoding=\"async\" class=\"wp-image-5274 size-medium\" src=\"http:\/\/www.diejuniors.com\/wp-content\/uploads\/2016\/01\/2015_mein_schiff_3_002_900-480x270.jpg\" alt=\"2015_mein_schiff_3_002_900\" width=\"480\" height=\"270\" srcset=\"https:\/\/www.diejuniors.com\/wp-content\/uploads\/2016\/01\/2015_mein_schiff_3_002_900-480x270.jpg 480w, https:\/\/www.diejuniors.com\/wp-content\/uploads\/2016\/01\/2015_mein_schiff_3_002_900.jpg 900w\" sizes=\"auto, (max-width: 480px) 100vw, 480px\" \/><\/a><figcaption id=\"caption-attachment-5274\" class=\"wp-caption-text\">Vom Shuttlebus aus bekamen wir einen ersten Eindruck von der imposanten Stadtmauer Dubrovniks.<\/figcaption><\/figure>\n<figure id=\"attachment_5275\" aria-describedby=\"caption-attachment-5275\" style=\"width: 480px\" class=\"wp-caption aligncenter\"><a href=\"http:\/\/www.diejuniors.com\/?attachment_id=5275\" rel=\"attachment wp-att-5275\"><img loading=\"lazy\" decoding=\"async\" class=\"wp-image-5275 size-medium\" src=\"http:\/\/www.diejuniors.com\/wp-content\/uploads\/2016\/01\/2015_mein_schiff_3_003_900-480x270.jpg\" alt=\"2015_mein_schiff_3_003_900\" width=\"480\" height=\"270\" srcset=\"https:\/\/www.diejuniors.com\/wp-content\/uploads\/2016\/01\/2015_mein_schiff_3_003_900-480x270.jpg 480w, https:\/\/www.diejuniors.com\/wp-content\/uploads\/2016\/01\/2015_mein_schiff_3_003_900.jpg 900w\" sizes=\"auto, (max-width: 480px) 100vw, 480px\" \/><\/a><figcaption id=\"caption-attachment-5275\" class=\"wp-caption-text\">Ein erster Blick noch au\u00dferhalb der Altstadt in eine kleine Bucht&#8230;<\/figcaption><\/figure>\n<figure id=\"attachment_5276\" aria-describedby=\"caption-attachment-5276\" style=\"width: 480px\" class=\"wp-caption aligncenter\"><a href=\"http:\/\/www.diejuniors.com\/?attachment_id=5276\" rel=\"attachment wp-att-5276\"><img loading=\"lazy\" decoding=\"async\" class=\"wp-image-5276 size-medium\" src=\"http:\/\/www.diejuniors.com\/wp-content\/uploads\/2016\/01\/2015_mein_schiff_3_004_900-480x270.jpg\" alt=\"2015_mein_schiff_3_004_900\" width=\"480\" height=\"270\" srcset=\"https:\/\/www.diejuniors.com\/wp-content\/uploads\/2016\/01\/2015_mein_schiff_3_004_900-480x270.jpg 480w, https:\/\/www.diejuniors.com\/wp-content\/uploads\/2016\/01\/2015_mein_schiff_3_004_900.jpg 900w\" sizes=\"auto, (max-width: 480px) 100vw, 480px\" \/><\/a><figcaption id=\"caption-attachment-5276\" class=\"wp-caption-text\">&#8230; auf dem Platz vor dem Pile-Tor ist schon eine Menge los.<\/figcaption><\/figure>\n<figure id=\"attachment_5277\" aria-describedby=\"caption-attachment-5277\" style=\"width: 270px\" class=\"wp-caption aligncenter\"><a href=\"http:\/\/www.diejuniors.com\/?attachment_id=5277\" rel=\"attachment wp-att-5277\"><img loading=\"lazy\" decoding=\"async\" class=\"wp-image-5277 size-medium\" src=\"http:\/\/www.diejuniors.com\/wp-content\/uploads\/2016\/01\/2015_mein_schiff_3_005_900-270x480.jpg\" alt=\"2015_mein_schiff_3_005_900\" width=\"270\" height=\"480\" srcset=\"https:\/\/www.diejuniors.com\/wp-content\/uploads\/2016\/01\/2015_mein_schiff_3_005_900-270x480.jpg 270w, https:\/\/www.diejuniors.com\/wp-content\/uploads\/2016\/01\/2015_mein_schiff_3_005_900.jpg 507w\" sizes=\"auto, (max-width: 270px) 100vw, 270px\" \/><\/a><figcaption id=\"caption-attachment-5277\" class=\"wp-caption-text\">Das Pile-Tor&#8230; der wohl bekannteste Zugang zur Altstadt.<\/figcaption><\/figure>\n<figure id=\"attachment_5278\" aria-describedby=\"caption-attachment-5278\" style=\"width: 480px\" class=\"wp-caption aligncenter\"><a href=\"http:\/\/www.diejuniors.com\/?attachment_id=5278\" rel=\"attachment wp-att-5278\"><img loading=\"lazy\" decoding=\"async\" class=\"wp-image-5278 size-medium\" src=\"http:\/\/www.diejuniors.com\/wp-content\/uploads\/2016\/01\/2015_mein_schiff_3_006_900-480x270.jpg\" alt=\"2015_mein_schiff_3_006_900\" width=\"480\" height=\"270\" srcset=\"https:\/\/www.diejuniors.com\/wp-content\/uploads\/2016\/01\/2015_mein_schiff_3_006_900-480x270.jpg 480w, https:\/\/www.diejuniors.com\/wp-content\/uploads\/2016\/01\/2015_mein_schiff_3_006_900.jpg 900w\" sizes=\"auto, (max-width: 480px) 100vw, 480px\" \/><\/a><figcaption id=\"caption-attachment-5278\" class=\"wp-caption-text\">Die Nationalflagge Kroatiens.<\/figcaption><\/figure>\n<figure id=\"attachment_5279\" aria-describedby=\"caption-attachment-5279\" style=\"width: 270px\" class=\"wp-caption aligncenter\"><a href=\"http:\/\/www.diejuniors.com\/?attachment_id=5279\" rel=\"attachment wp-att-5279\"><img loading=\"lazy\" decoding=\"async\" class=\"wp-image-5279 size-medium\" src=\"http:\/\/www.diejuniors.com\/wp-content\/uploads\/2016\/01\/2015_mein_schiff_3_007_900-270x480.jpg\" alt=\"2015_mein_schiff_3_007_900\" width=\"270\" height=\"480\" srcset=\"https:\/\/www.diejuniors.com\/wp-content\/uploads\/2016\/01\/2015_mein_schiff_3_007_900-270x480.jpg 270w, https:\/\/www.diejuniors.com\/wp-content\/uploads\/2016\/01\/2015_mein_schiff_3_007_900.jpg 507w\" sizes=\"auto, (max-width: 270px) 100vw, 270px\" \/><\/a><figcaption id=\"caption-attachment-5279\" class=\"wp-caption-text\">Steile Stufen f\u00fchren zur Stadtmauer empor&#8230; der Eintritt kostet 70 Kuna (ca. 10 Euro) pro Person.<\/figcaption><\/figure>\n<figure id=\"attachment_5280\" aria-describedby=\"caption-attachment-5280\" style=\"width: 270px\" class=\"wp-caption aligncenter\"><a href=\"http:\/\/www.diejuniors.com\/?attachment_id=5280\" rel=\"attachment wp-att-5280\"><img loading=\"lazy\" decoding=\"async\" class=\"wp-image-5280 size-medium\" src=\"http:\/\/www.diejuniors.com\/wp-content\/uploads\/2016\/01\/2015_mein_schiff_3_008_900-270x480.jpg\" alt=\"2015_mein_schiff_3_008_900\" width=\"270\" height=\"480\" srcset=\"https:\/\/www.diejuniors.com\/wp-content\/uploads\/2016\/01\/2015_mein_schiff_3_008_900-270x480.jpg 270w, https:\/\/www.diejuniors.com\/wp-content\/uploads\/2016\/01\/2015_mein_schiff_3_008_900.jpg 507w\" sizes=\"auto, (max-width: 270px) 100vw, 270px\" \/><\/a><figcaption id=\"caption-attachment-5280\" class=\"wp-caption-text\">F\u00fcr einen kompletten Rundgang&#8230;<\/figcaption><\/figure>\n<figure id=\"attachment_5281\" aria-describedby=\"caption-attachment-5281\" style=\"width: 480px\" class=\"wp-caption aligncenter\"><a href=\"http:\/\/www.diejuniors.com\/?attachment_id=5281\" rel=\"attachment wp-att-5281\"><img loading=\"lazy\" decoding=\"async\" class=\"wp-image-5281 size-medium\" src=\"http:\/\/www.diejuniors.com\/wp-content\/uploads\/2016\/01\/2015_mein_schiff_3_009_900-480x270.jpg\" alt=\"2015_mein_schiff_3_009_900\" width=\"480\" height=\"270\" srcset=\"https:\/\/www.diejuniors.com\/wp-content\/uploads\/2016\/01\/2015_mein_schiff_3_009_900-480x270.jpg 480w, https:\/\/www.diejuniors.com\/wp-content\/uploads\/2016\/01\/2015_mein_schiff_3_009_900.jpg 900w\" sizes=\"auto, (max-width: 480px) 100vw, 480px\" \/><\/a><figcaption id=\"caption-attachment-5281\" class=\"wp-caption-text\">&#8230; einmal um die Altstadt&#8230;.<\/figcaption><\/figure>\n<figure id=\"attachment_5282\" aria-describedby=\"caption-attachment-5282\" style=\"width: 480px\" class=\"wp-caption aligncenter\"><a href=\"http:\/\/www.diejuniors.com\/?attachment_id=5282\" rel=\"attachment wp-att-5282\"><img loading=\"lazy\" decoding=\"async\" class=\"wp-image-5282 size-medium\" src=\"http:\/\/www.diejuniors.com\/wp-content\/uploads\/2016\/01\/2015_mein_schiff_3_010_900-480x270.jpg\" alt=\"2015_mein_schiff_3_010_900\" width=\"480\" height=\"270\" srcset=\"https:\/\/www.diejuniors.com\/wp-content\/uploads\/2016\/01\/2015_mein_schiff_3_010_900-480x270.jpg 480w, https:\/\/www.diejuniors.com\/wp-content\/uploads\/2016\/01\/2015_mein_schiff_3_010_900.jpg 900w\" sizes=\"auto, (max-width: 480px) 100vw, 480px\" \/><\/a><figcaption id=\"caption-attachment-5282\" class=\"wp-caption-text\">&#8230; brauchten wir mit einigen &#8230;<\/figcaption><\/figure>\n<figure id=\"attachment_5283\" aria-describedby=\"caption-attachment-5283\" style=\"width: 480px\" class=\"wp-caption aligncenter\"><a href=\"http:\/\/www.diejuniors.com\/?attachment_id=5283\" rel=\"attachment wp-att-5283\"><img loading=\"lazy\" decoding=\"async\" class=\"wp-image-5283 size-medium\" src=\"http:\/\/www.diejuniors.com\/wp-content\/uploads\/2016\/01\/2015_mein_schiff_3_011_900-480x270.jpg\" alt=\"2015_mein_schiff_3_011_900\" width=\"480\" height=\"270\" srcset=\"https:\/\/www.diejuniors.com\/wp-content\/uploads\/2016\/01\/2015_mein_schiff_3_011_900-480x270.jpg 480w, https:\/\/www.diejuniors.com\/wp-content\/uploads\/2016\/01\/2015_mein_schiff_3_011_900.jpg 900w\" sizes=\"auto, (max-width: 480px) 100vw, 480px\" \/><\/a><figcaption id=\"caption-attachment-5283\" class=\"wp-caption-text\">&#8230;. Stopps f\u00fcr Erkl\u00e4rungen unserer Reiseleiterin&#8230;<\/figcaption><\/figure>\n<figure id=\"attachment_5284\" aria-describedby=\"caption-attachment-5284\" style=\"width: 480px\" class=\"wp-caption aligncenter\"><a href=\"http:\/\/www.diejuniors.com\/?attachment_id=5284\" rel=\"attachment wp-att-5284\"><img loading=\"lazy\" decoding=\"async\" class=\"wp-image-5284 size-medium\" src=\"http:\/\/www.diejuniors.com\/wp-content\/uploads\/2016\/01\/2015_mein_schiff_3_012_900-480x270.jpg\" alt=\"2015_mein_schiff_3_012_900\" width=\"480\" height=\"270\" srcset=\"https:\/\/www.diejuniors.com\/wp-content\/uploads\/2016\/01\/2015_mein_schiff_3_012_900-480x270.jpg 480w, https:\/\/www.diejuniors.com\/wp-content\/uploads\/2016\/01\/2015_mein_schiff_3_012_900.jpg 900w\" sizes=\"auto, (max-width: 480px) 100vw, 480px\" \/><\/a><figcaption id=\"caption-attachment-5284\" class=\"wp-caption-text\">&#8230; knapp zwei Stunden in der prallen Sonne&#8230; also Sonnenbrille und Hut nicht vergessen \ud83d\ude09<\/figcaption><\/figure>\n<figure id=\"attachment_5285\" aria-describedby=\"caption-attachment-5285\" style=\"width: 480px\" class=\"wp-caption aligncenter\"><a href=\"http:\/\/www.diejuniors.com\/?attachment_id=5285\" rel=\"attachment wp-att-5285\"><img loading=\"lazy\" decoding=\"async\" class=\"wp-image-5285 size-medium\" src=\"http:\/\/www.diejuniors.com\/wp-content\/uploads\/2016\/01\/2015_mein_schiff_3_014_900-480x270.jpg\" alt=\"2015_mein_schiff_3_014_900\" width=\"480\" height=\"270\" srcset=\"https:\/\/www.diejuniors.com\/wp-content\/uploads\/2016\/01\/2015_mein_schiff_3_014_900-480x270.jpg 480w, https:\/\/www.diejuniors.com\/wp-content\/uploads\/2016\/01\/2015_mein_schiff_3_014_900.jpg 900w\" sizes=\"auto, (max-width: 480px) 100vw, 480px\" \/><\/a><figcaption id=\"caption-attachment-5285\" class=\"wp-caption-text\">Der alte Hafen von Dubrovnik&#8230; hier k\u00f6nnen nur kleinere Boote fest machen.<\/figcaption><\/figure>\n<figure id=\"attachment_5286\" aria-describedby=\"caption-attachment-5286\" style=\"width: 480px\" class=\"wp-caption aligncenter\"><a href=\"http:\/\/www.diejuniors.com\/?attachment_id=5286\" rel=\"attachment wp-att-5286\"><img loading=\"lazy\" decoding=\"async\" class=\"wp-image-5286 size-medium\" src=\"http:\/\/www.diejuniors.com\/wp-content\/uploads\/2016\/01\/2015_mein_schiff_3_015_900-480x270.jpg\" alt=\"2015_mein_schiff_3_015_900\" width=\"480\" height=\"270\" srcset=\"https:\/\/www.diejuniors.com\/wp-content\/uploads\/2016\/01\/2015_mein_schiff_3_015_900-480x270.jpg 480w, https:\/\/www.diejuniors.com\/wp-content\/uploads\/2016\/01\/2015_mein_schiff_3_015_900.jpg 900w\" sizes=\"auto, (max-width: 480px) 100vw, 480px\" \/><\/a><figcaption id=\"caption-attachment-5286\" class=\"wp-caption-text\">Diese blaue Kuppel f\u00e4llt sofort auf&#8230;<\/figcaption><\/figure>\n<figure id=\"attachment_5287\" aria-describedby=\"caption-attachment-5287\" style=\"width: 480px\" class=\"wp-caption aligncenter\"><a href=\"http:\/\/www.diejuniors.com\/?attachment_id=5287\" rel=\"attachment wp-att-5287\"><img loading=\"lazy\" decoding=\"async\" class=\"wp-image-5287 size-medium\" src=\"http:\/\/www.diejuniors.com\/wp-content\/uploads\/2016\/01\/2015_mein_schiff_3_016_900-480x270.jpg\" alt=\"2015_mein_schiff_3_016_900\" width=\"480\" height=\"270\" srcset=\"https:\/\/www.diejuniors.com\/wp-content\/uploads\/2016\/01\/2015_mein_schiff_3_016_900-480x270.jpg 480w, https:\/\/www.diejuniors.com\/wp-content\/uploads\/2016\/01\/2015_mein_schiff_3_016_900.jpg 900w\" sizes=\"auto, (max-width: 480px) 100vw, 480px\" \/><\/a><figcaption id=\"caption-attachment-5287\" class=\"wp-caption-text\">&#8230; davor zu sehen ist der heilige Blasius.<\/figcaption><\/figure>\n<figure id=\"attachment_5288\" aria-describedby=\"caption-attachment-5288\" style=\"width: 480px\" class=\"wp-caption aligncenter\"><a href=\"http:\/\/www.diejuniors.com\/?attachment_id=5288\" rel=\"attachment wp-att-5288\"><img loading=\"lazy\" decoding=\"async\" class=\"wp-image-5288 size-medium\" src=\"http:\/\/www.diejuniors.com\/wp-content\/uploads\/2016\/01\/2015_mein_schiff_3_017_900-480x270.jpg\" alt=\"2015_mein_schiff_3_017_900\" width=\"480\" height=\"270\" srcset=\"https:\/\/www.diejuniors.com\/wp-content\/uploads\/2016\/01\/2015_mein_schiff_3_017_900-480x270.jpg 480w, https:\/\/www.diejuniors.com\/wp-content\/uploads\/2016\/01\/2015_mein_schiff_3_017_900.jpg 900w\" sizes=\"auto, (max-width: 480px) 100vw, 480px\" \/><\/a><figcaption id=\"caption-attachment-5288\" class=\"wp-caption-text\">Zur vorgelagerten Insel Lokrum fahren Ausflugsboote vom alten Hafen aus.<\/figcaption><\/figure>\n<figure id=\"attachment_5289\" aria-describedby=\"caption-attachment-5289\" style=\"width: 480px\" class=\"wp-caption aligncenter\"><a href=\"http:\/\/www.diejuniors.com\/?attachment_id=5289\" rel=\"attachment wp-att-5289\"><img loading=\"lazy\" decoding=\"async\" class=\"wp-image-5289 size-medium\" src=\"http:\/\/www.diejuniors.com\/wp-content\/uploads\/2016\/01\/2015_mein_schiff_3_018_900-480x270.jpg\" alt=\"2015_mein_schiff_3_018_900\" width=\"480\" height=\"270\" srcset=\"https:\/\/www.diejuniors.com\/wp-content\/uploads\/2016\/01\/2015_mein_schiff_3_018_900-480x270.jpg 480w, https:\/\/www.diejuniors.com\/wp-content\/uploads\/2016\/01\/2015_mein_schiff_3_018_900.jpg 900w\" sizes=\"auto, (max-width: 480px) 100vw, 480px\" \/><\/a><figcaption id=\"caption-attachment-5289\" class=\"wp-caption-text\">Die Aussicht ist von jedem Platz &#8230;<\/figcaption><\/figure>\n<figure id=\"attachment_5290\" aria-describedby=\"caption-attachment-5290\" style=\"width: 480px\" class=\"wp-caption aligncenter\"><a href=\"http:\/\/www.diejuniors.com\/?attachment_id=5290\" rel=\"attachment wp-att-5290\"><img loading=\"lazy\" decoding=\"async\" class=\"wp-image-5290 size-medium\" src=\"http:\/\/www.diejuniors.com\/wp-content\/uploads\/2016\/01\/2015_mein_schiff_3_019_900-480x270.jpg\" alt=\"2015_mein_schiff_3_019_900\" width=\"480\" height=\"270\" srcset=\"https:\/\/www.diejuniors.com\/wp-content\/uploads\/2016\/01\/2015_mein_schiff_3_019_900-480x270.jpg 480w, https:\/\/www.diejuniors.com\/wp-content\/uploads\/2016\/01\/2015_mein_schiff_3_019_900.jpg 900w\" sizes=\"auto, (max-width: 480px) 100vw, 480px\" \/><\/a><figcaption id=\"caption-attachment-5290\" class=\"wp-caption-text\">&#8230; der Stadtmauer sehenswert.<\/figcaption><\/figure>\n<figure id=\"attachment_5291\" aria-describedby=\"caption-attachment-5291\" style=\"width: 480px\" class=\"wp-caption aligncenter\"><a href=\"http:\/\/www.diejuniors.com\/?attachment_id=5291\" rel=\"attachment wp-att-5291\"><img loading=\"lazy\" decoding=\"async\" class=\"wp-image-5291 size-medium\" src=\"http:\/\/www.diejuniors.com\/wp-content\/uploads\/2016\/01\/2015_mein_schiff_3_020_900-480x270.jpg\" alt=\"2015_mein_schiff_3_020_900\" width=\"480\" height=\"270\" srcset=\"https:\/\/www.diejuniors.com\/wp-content\/uploads\/2016\/01\/2015_mein_schiff_3_020_900-480x270.jpg 480w, https:\/\/www.diejuniors.com\/wp-content\/uploads\/2016\/01\/2015_mein_schiff_3_020_900.jpg 900w\" sizes=\"auto, (max-width: 480px) 100vw, 480px\" \/><\/a><figcaption id=\"caption-attachment-5291\" class=\"wp-caption-text\">Gefangen im Turm \ud83d\ude09<\/figcaption><\/figure>\n<figure id=\"attachment_5292\" aria-describedby=\"caption-attachment-5292\" style=\"width: 270px\" class=\"wp-caption aligncenter\"><a href=\"http:\/\/www.diejuniors.com\/?attachment_id=5292\" rel=\"attachment wp-att-5292\"><img loading=\"lazy\" decoding=\"async\" class=\"wp-image-5292 size-medium\" src=\"http:\/\/www.diejuniors.com\/wp-content\/uploads\/2016\/01\/2015_mein_schiff_3_021_900-270x480.jpg\" alt=\"2015_mein_schiff_3_021_900\" width=\"270\" height=\"480\" srcset=\"https:\/\/www.diejuniors.com\/wp-content\/uploads\/2016\/01\/2015_mein_schiff_3_021_900-270x480.jpg 270w, https:\/\/www.diejuniors.com\/wp-content\/uploads\/2016\/01\/2015_mein_schiff_3_021_900.jpg 507w\" sizes=\"auto, (max-width: 270px) 100vw, 270px\" \/><\/a><figcaption id=\"caption-attachment-5292\" class=\"wp-caption-text\">Ein Blick zum Treiben runter in die Altstadt.<\/figcaption><\/figure>\n<figure id=\"attachment_5293\" aria-describedby=\"caption-attachment-5293\" style=\"width: 480px\" class=\"wp-caption aligncenter\"><a href=\"http:\/\/www.diejuniors.com\/?attachment_id=5293\" rel=\"attachment wp-att-5293\"><img loading=\"lazy\" decoding=\"async\" class=\"wp-image-5293 size-medium\" src=\"http:\/\/www.diejuniors.com\/wp-content\/uploads\/2016\/01\/2015_mein_schiff_3_022_900-480x270.jpg\" alt=\"2015_mein_schiff_3_022_900\" width=\"480\" height=\"270\" srcset=\"https:\/\/www.diejuniors.com\/wp-content\/uploads\/2016\/01\/2015_mein_schiff_3_022_900-480x270.jpg 480w, https:\/\/www.diejuniors.com\/wp-content\/uploads\/2016\/01\/2015_mein_schiff_3_022_900.jpg 900w\" sizes=\"auto, (max-width: 480px) 100vw, 480px\" \/><\/a><figcaption id=\"caption-attachment-5293\" class=\"wp-caption-text\">In der Altstadt gibt es viele sch\u00f6ne H\u00e4user zu bestaunen&#8230;<\/figcaption><\/figure>\n<figure id=\"attachment_5294\" aria-describedby=\"caption-attachment-5294\" style=\"width: 270px\" class=\"wp-caption aligncenter\"><a href=\"http:\/\/www.diejuniors.com\/?attachment_id=5294\" rel=\"attachment wp-att-5294\"><img loading=\"lazy\" decoding=\"async\" class=\"wp-image-5294 size-medium\" src=\"http:\/\/www.diejuniors.com\/wp-content\/uploads\/2016\/01\/2015_mein_schiff_3_023_900-270x480.jpg\" alt=\"2015_mein_schiff_3_023_900\" width=\"270\" height=\"480\" srcset=\"https:\/\/www.diejuniors.com\/wp-content\/uploads\/2016\/01\/2015_mein_schiff_3_023_900-270x480.jpg 270w, https:\/\/www.diejuniors.com\/wp-content\/uploads\/2016\/01\/2015_mein_schiff_3_023_900.jpg 507w\" sizes=\"auto, (max-width: 270px) 100vw, 270px\" \/><\/a><figcaption id=\"caption-attachment-5294\" class=\"wp-caption-text\">In Dubrovnik ist dies Orlando&#8230; wir kennen ihn aus Bremen als Roland \ud83d\ude09<\/figcaption><\/figure>\n<figure id=\"attachment_5295\" aria-describedby=\"caption-attachment-5295\" style=\"width: 480px\" class=\"wp-caption aligncenter\"><a href=\"http:\/\/www.diejuniors.com\/?attachment_id=5295\" rel=\"attachment wp-att-5295\"><img loading=\"lazy\" decoding=\"async\" class=\"wp-image-5295 size-medium\" src=\"http:\/\/www.diejuniors.com\/wp-content\/uploads\/2016\/01\/2015_mein_schiff_3_024_900-480x270.jpg\" alt=\"2015_mein_schiff_3_024_900\" width=\"480\" height=\"270\" srcset=\"https:\/\/www.diejuniors.com\/wp-content\/uploads\/2016\/01\/2015_mein_schiff_3_024_900-480x270.jpg 480w, https:\/\/www.diejuniors.com\/wp-content\/uploads\/2016\/01\/2015_mein_schiff_3_024_900.jpg 900w\" sizes=\"auto, (max-width: 480px) 100vw, 480px\" \/><\/a><figcaption id=\"caption-attachment-5295\" class=\"wp-caption-text\">Das Rathaus in Dubrovnik&#8230; ohne Gew\u00e4hr \ud83d\ude09<\/figcaption><\/figure>\n<figure id=\"attachment_5296\" aria-describedby=\"caption-attachment-5296\" style=\"width: 480px\" class=\"wp-caption aligncenter\"><a href=\"http:\/\/www.diejuniors.com\/?attachment_id=5296\" rel=\"attachment wp-att-5296\"><img loading=\"lazy\" decoding=\"async\" class=\"wp-image-5296 size-medium\" src=\"http:\/\/www.diejuniors.com\/wp-content\/uploads\/2016\/01\/2015_mein_schiff_3_025_900-480x270.jpg\" alt=\"2015_mein_schiff_3_025_900\" width=\"480\" height=\"270\" srcset=\"https:\/\/www.diejuniors.com\/wp-content\/uploads\/2016\/01\/2015_mein_schiff_3_025_900-480x270.jpg 480w, https:\/\/www.diejuniors.com\/wp-content\/uploads\/2016\/01\/2015_mein_schiff_3_025_900.jpg 900w\" sizes=\"auto, (max-width: 480px) 100vw, 480px\" \/><\/a><figcaption id=\"caption-attachment-5296\" class=\"wp-caption-text\">Nach drei Stunden m\u00fcssen wir uns von Peggy verabschieden&#8230; vielen Dank noch einmal f\u00fcr die ausf\u00fchrliche und interessante Stadtf\u00fchrung \ud83d\ude42<\/figcaption><\/figure>\n<p>Die Altstadt von Dubrovnik gilt als besterhaltene Festungsanlage Europas. Da wundert es einen nicht, dass hier viele Szenen der Serie Game of Thrones gedreht wurden. Wer also die fiktive Stadt K\u00f6nigsmund besuchen m\u00f6chte, ist hier genau richtig.<\/p>\n<p>Nachdem wir uns in der Altstadt in einen der zahlreichen Restaurants gest\u00e4rkt hatten, machten uns auf dem Weg zur Seilbahn. Unser Ziel war der Mount Srd.<\/p>\n<p>Oben angekommen wurden wir mit einer traumhaften Aussicht \u00fcber die Altstadt und die K\u00fcste belohnt.Wir empfehlen Euch jedoch, die von Touristen \u00fcberlaufene Basisstation gleich nach dem Ausstieg in linker Richtung zu verlassen und den Ger\u00f6llpfaden zu folgen. Setzt Euch einfach auf einen der vielen Felsen und genie\u00dft hier allein die sch\u00f6ne Aussicht und einen Moment ohne Trubel.<\/p>\n<figure id=\"attachment_5297\" aria-describedby=\"caption-attachment-5297\" style=\"width: 480px\" class=\"wp-caption aligncenter\"><a href=\"http:\/\/www.diejuniors.com\/?attachment_id=5297\" rel=\"attachment wp-att-5297\"><img loading=\"lazy\" decoding=\"async\" class=\"wp-image-5297 size-medium\" src=\"http:\/\/www.diejuniors.com\/wp-content\/uploads\/2016\/01\/2015_mein_schiff_3_026_900-480x270.jpg\" alt=\"2015_mein_schiff_3_026_900\" width=\"480\" height=\"270\" srcset=\"https:\/\/www.diejuniors.com\/wp-content\/uploads\/2016\/01\/2015_mein_schiff_3_026_900-480x270.jpg 480w, https:\/\/www.diejuniors.com\/wp-content\/uploads\/2016\/01\/2015_mein_schiff_3_026_900.jpg 900w\" sizes=\"auto, (max-width: 480px) 100vw, 480px\" \/><\/a><figcaption id=\"caption-attachment-5297\" class=\"wp-caption-text\">Nach drei Stunden purem Sonnenschein haben wir uns erst mal eine Flasche Wasser verdient \ud83d\ude42<\/figcaption><\/figure>\n<figure id=\"attachment_5298\" aria-describedby=\"caption-attachment-5298\" style=\"width: 480px\" class=\"wp-caption aligncenter\"><a href=\"http:\/\/www.diejuniors.com\/?attachment_id=5298\" rel=\"attachment wp-att-5298\"><img loading=\"lazy\" decoding=\"async\" class=\"wp-image-5298 size-medium\" src=\"http:\/\/www.diejuniors.com\/wp-content\/uploads\/2016\/01\/2015_mein_schiff_3_027_900-480x270.jpg\" alt=\"2015_mein_schiff_3_027_900\" width=\"480\" height=\"270\" srcset=\"https:\/\/www.diejuniors.com\/wp-content\/uploads\/2016\/01\/2015_mein_schiff_3_027_900-480x270.jpg 480w, https:\/\/www.diejuniors.com\/wp-content\/uploads\/2016\/01\/2015_mein_schiff_3_027_900.jpg 900w\" sizes=\"auto, (max-width: 480px) 100vw, 480px\" \/><\/a><figcaption id=\"caption-attachment-5298\" class=\"wp-caption-text\">Eine Gasse voller Restaurants&#8230; wir waren mit unserer Wahl zufrieden \ud83d\ude42<\/figcaption><\/figure>\n<figure id=\"attachment_5299\" aria-describedby=\"caption-attachment-5299\" style=\"width: 480px\" class=\"wp-caption aligncenter\"><a href=\"http:\/\/www.diejuniors.com\/?attachment_id=5299\" rel=\"attachment wp-att-5299\"><img loading=\"lazy\" decoding=\"async\" class=\"wp-image-5299 size-medium\" src=\"http:\/\/www.diejuniors.com\/wp-content\/uploads\/2016\/01\/2015_mein_schiff_3_028_900-480x270.jpg\" alt=\"2015_mein_schiff_3_028_900\" width=\"480\" height=\"270\" srcset=\"https:\/\/www.diejuniors.com\/wp-content\/uploads\/2016\/01\/2015_mein_schiff_3_028_900-480x270.jpg 480w, https:\/\/www.diejuniors.com\/wp-content\/uploads\/2016\/01\/2015_mein_schiff_3_028_900.jpg 900w\" sizes=\"auto, (max-width: 480px) 100vw, 480px\" \/><\/a><figcaption id=\"caption-attachment-5299\" class=\"wp-caption-text\">Angekommen an der Station&#8230; f\u00fcr 108 Kuna (ca. 14 Euro) pro Person darf man hoch und auch wieder runter fahren.<\/figcaption><\/figure>\n<figure id=\"attachment_5300\" aria-describedby=\"caption-attachment-5300\" style=\"width: 480px\" class=\"wp-caption aligncenter\"><a href=\"http:\/\/www.diejuniors.com\/?attachment_id=5300\" rel=\"attachment wp-att-5300\"><img loading=\"lazy\" decoding=\"async\" class=\"wp-image-5300 size-medium\" src=\"http:\/\/www.diejuniors.com\/wp-content\/uploads\/2016\/01\/2015_mein_schiff_3_029_900-480x270.jpg\" alt=\"2015_mein_schiff_3_029_900\" width=\"480\" height=\"270\" srcset=\"https:\/\/www.diejuniors.com\/wp-content\/uploads\/2016\/01\/2015_mein_schiff_3_029_900-480x270.jpg 480w, https:\/\/www.diejuniors.com\/wp-content\/uploads\/2016\/01\/2015_mein_schiff_3_029_900.jpg 900w\" sizes=\"auto, (max-width: 480px) 100vw, 480px\" \/><\/a><figcaption id=\"caption-attachment-5300\" class=\"wp-caption-text\">Schon w\u00e4hrend der Fahrt nach oben hat man einen tollen Ausblick.<\/figcaption><\/figure>\n<figure id=\"attachment_5302\" aria-describedby=\"caption-attachment-5302\" style=\"width: 480px\" class=\"wp-caption aligncenter\"><a href=\"http:\/\/www.diejuniors.com\/?attachment_id=5302\" rel=\"attachment wp-att-5302\"><img loading=\"lazy\" decoding=\"async\" class=\"wp-image-5302 size-medium\" src=\"http:\/\/www.diejuniors.com\/wp-content\/uploads\/2016\/01\/2015_mein_schiff_3_031_900-480x270.jpg\" alt=\"2015_mein_schiff_3_031_900\" width=\"480\" height=\"270\" srcset=\"https:\/\/www.diejuniors.com\/wp-content\/uploads\/2016\/01\/2015_mein_schiff_3_031_900-480x270.jpg 480w, https:\/\/www.diejuniors.com\/wp-content\/uploads\/2016\/01\/2015_mein_schiff_3_031_900.jpg 900w\" sizes=\"auto, (max-width: 480px) 100vw, 480px\" \/><\/a><figcaption id=\"caption-attachment-5302\" class=\"wp-caption-text\">Hinter dem H\u00fcgel liegt der Hafen in der die Mein Schiff 3 liegt.<\/figcaption><\/figure>\n<figure id=\"attachment_5303\" aria-describedby=\"caption-attachment-5303\" style=\"width: 480px\" class=\"wp-caption aligncenter\"><a href=\"http:\/\/www.diejuniors.com\/?attachment_id=5303\" rel=\"attachment wp-att-5303\"><img loading=\"lazy\" decoding=\"async\" class=\"wp-image-5303 size-medium\" src=\"http:\/\/www.diejuniors.com\/wp-content\/uploads\/2016\/01\/2015_mein_schiff_3_032_900-480x270.jpg\" alt=\"2015_mein_schiff_3_032_900\" width=\"480\" height=\"270\" srcset=\"https:\/\/www.diejuniors.com\/wp-content\/uploads\/2016\/01\/2015_mein_schiff_3_032_900-480x270.jpg 480w, https:\/\/www.diejuniors.com\/wp-content\/uploads\/2016\/01\/2015_mein_schiff_3_032_900.jpg 900w\" sizes=\"auto, (max-width: 480px) 100vw, 480px\" \/><\/a><figcaption id=\"caption-attachment-5303\" class=\"wp-caption-text\">Ein Blick in das Hinterland von Dubrovnik.<\/figcaption><\/figure>\n<figure id=\"attachment_5304\" aria-describedby=\"caption-attachment-5304\" style=\"width: 480px\" class=\"wp-caption aligncenter\"><a href=\"http:\/\/www.diejuniors.com\/?attachment_id=5304\" rel=\"attachment wp-att-5304\"><img loading=\"lazy\" decoding=\"async\" class=\"wp-image-5304 size-medium\" src=\"http:\/\/www.diejuniors.com\/wp-content\/uploads\/2016\/01\/2015_mein_schiff_3_033_900-480x270.jpg\" alt=\"2015_mein_schiff_3_033_900\" width=\"480\" height=\"270\" srcset=\"https:\/\/www.diejuniors.com\/wp-content\/uploads\/2016\/01\/2015_mein_schiff_3_033_900-480x270.jpg 480w, https:\/\/www.diejuniors.com\/wp-content\/uploads\/2016\/01\/2015_mein_schiff_3_033_900.jpg 900w\" sizes=\"auto, (max-width: 480px) 100vw, 480px\" \/><\/a><figcaption id=\"caption-attachment-5304\" class=\"wp-caption-text\">Es geht wieder abw\u00e4rts \ud83d\ude42<\/figcaption><\/figure>\n<p>&nbsp;<\/p>\n<p>Erst am sp\u00e4ten sollte es weitergehen in Richtung Kotor. Mit einem Cocktail in der Hand genossen wir noch einen herrlichen Sonnenuntergang auf unseren Balkon. Ein wirklich gelungener Tag!<\/p>\n<figure id=\"attachment_5305\" aria-describedby=\"caption-attachment-5305\" style=\"width: 480px\" class=\"wp-caption aligncenter\"><a href=\"http:\/\/www.diejuniors.com\/?attachment_id=5305\" rel=\"attachment wp-att-5305\"><img loading=\"lazy\" decoding=\"async\" class=\"wp-image-5305 size-medium\" src=\"http:\/\/www.diejuniors.com\/wp-content\/uploads\/2016\/01\/2015_mein_schiff_3_034_900-480x270.jpg\" alt=\"2015_mein_schiff_3_034_900\" width=\"480\" height=\"270\" srcset=\"https:\/\/www.diejuniors.com\/wp-content\/uploads\/2016\/01\/2015_mein_schiff_3_034_900-480x270.jpg 480w, https:\/\/www.diejuniors.com\/wp-content\/uploads\/2016\/01\/2015_mein_schiff_3_034_900.jpg 900w\" sizes=\"auto, (max-width: 480px) 100vw, 480px\" \/><\/a><figcaption id=\"caption-attachment-5305\" class=\"wp-caption-text\">Ein wundersch\u00f6ner Sonnenuntergang zum Abschluss eines sch\u00f6nen Tages.<\/figcaption><\/figure>\n<p>Die Stadtf\u00fchrungen mit Peggy sind \u00fcber <a href=\"https:\/\/www.getyourguide.de\" target=\"_blank\">getyourguide.de <\/a>buchbar. Wir k\u00f6nnen Sie nur w\u00e4rmstens weiter empfehlen!<\/p>\n","protected":false},"excerpt":{"rendered":"<p>Oh je Ihr Lieben! Eigentlich wollten wir Euch\u00a0hier Dubrovnik, die Perle der Adria, in bewegten Bildern zeigen. Aber wie es manchmal so ist: Es kommen<\/p>\n","protected":false},"author":1,"featured_media":5270,"comment_status":"closed","ping_status":"closed","sticky":false,"template":"","format":"standard","meta":{"footnotes":""},"categories":[10],"tags":[257,267,252,251,269,268],"class_list":["post-5259","post","type-post","status-publish","format-standard","has-post-thumbnail","hentry","category-kreuzfahrten","tag-adria","tag-dubrovnik","tag-kroatien","tag-mein-schiff-3","tag-perle-der-adria","tag-seilbahn"],"_links":{"self":[{"href":"https:\/\/www.diejuniors.com\/index.php?rest_route=\/wp\/v2\/posts\/5259","targetHints":{"allow":["GET"]}}],"collection":[{"href":"https:\/\/www.diejuniors.com\/index.php?rest_route=\/wp\/v2\/posts"}],"about":[{"href":"https:\/\/www.diejuniors.com\/index.php?rest_route=\/wp\/v2\/types\/post"}],"author":[{"embeddable":true,"href":"https:\/\/www.diejuniors.com\/index.php?rest_route=\/wp\/v2\/users\/1"}],"replies":[{"embeddable":true,"href":"https:\/\/www.diejuniors.com\/index.php?rest_route=%2Fwp%2Fv2%2Fcomments&post=5259"}],"version-history":[{"count":10,"href":"https:\/\/www.diejuniors.com\/index.php?rest_route=\/wp\/v2\/posts\/5259\/revisions"}],"predecessor-version":[{"id":5312,"href":"https:\/\/www.diejuniors.com\/index.php?rest_route=\/wp\/v2\/posts\/5259\/revisions\/5312"}],"wp:featuredmedia":[{"embeddable":true,"href":"https:\/\/www.diejuniors.com\/index.php?rest_route=\/wp\/v2\/media\/5270"}],"wp:attachment":[{"href":"https:\/\/www.diejuniors.com\/index.php?rest_route=%2Fwp%2Fv2%2Fmedia&parent=5259"}],"wp:term":[{"taxonomy":"category","embeddable":true,"href":"https:\/\/www.diejuniors.com\/index.php?rest_route=%2Fwp%2Fv2%2Fcategories&post=5259"},{"taxonomy":"post_tag","embeddable":true,"href":"https:\/\/www.diejuniors.com\/index.php?rest_route=%2Fwp%2Fv2%2Ftags&post=5259"}],"curies":[{"name":"wp","href":"https:\/\/api.w.org\/{rel}","templated":true}]}}