{"id":5004,"date":"2015-08-30T15:33:22","date_gmt":"2015-08-30T13:33:22","guid":{"rendered":"http:\/\/www.diejuniors.com\/?p=5004"},"modified":"2018-05-19T09:28:59","modified_gmt":"2018-05-19T07:28:59","slug":"mallorca-folge-2-cap-de-formentor-und-torrent-de-pareis","status":"publish","type":"post","link":"https:\/\/www.diejuniors.com\/?p=5004","title":{"rendered":"Mallorca &#8211; Folge 2: Cap de Formentor und Torrent de Pareis"},"content":{"rendered":"<p>Unser n\u00e4chster Ausflug auf Mallorca f\u00fchrte uns zum Leuchtturm am <strong>Cap de Formentor<\/strong>. Diesen kannten wir schon von einem fr\u00fcheren Mallorca-Urlaub. Zuerst fuhren wir nach <strong>Port de Pollen\u00e7a<\/strong>, bevor wir uns nach einem kurzen Erfrischungs-Stopp auf den Weg die 13,5 km lange Streckt hoch zum Leuchtturm machten. Ein auf dem Weg liegender Aussichtspunkt war leider nicht begehbar, da dort gerade Sanierungsarbeiten stattfanden.\u00a0Je weiter wir nach oben kamen, desto nebliger wurde es. Heute hatten wir Pech, der Leuchtturm war in den Wolken\u00a0kaum zu sehen\u00a0\ud83d\ude41 Trotzdem war es ein sch\u00f6ner Tag, der am Abend mit einem herrlichen Sonnenuntergang belohnt wurde. Am n\u00e4chsten Tag machten wir uns auf\u00a0in den\u00a0Westen der\u00a0Insel. Nach einer langen, kurvenreichen\u00a0Fahrt sind wir an unserem Ziel angekommen:\u00a0<strong>Torrent de Pareis<\/strong>. Hier muss man erst durch einen\u00a0Berg laufen um dann in eine kleine versteckte Bucht zu gelangen. Ein sehr idyllisches Pl\u00e4tzchen, aber seht selber&#8230;<\/p>\n<p><!--more--><\/p>\n<p>httpvh:\/\/www.youtube.com\/watch?v=iHlmlRPAJdI<\/p>\n<figure id=\"attachment_5009\" aria-describedby=\"caption-attachment-5009\" style=\"width: 480px\" class=\"wp-caption aligncenter\"><a href=\"http:\/\/www.diejuniors.com\/?attachment_id=5009\" rel=\"attachment wp-att-5009\"><img loading=\"lazy\" decoding=\"async\" class=\"wp-image-5009 size-medium\" src=\"http:\/\/www.diejuniors.com\/wp-content\/uploads\/2015\/08\/2015_mallorca_2_001_900-480x270.jpg\" alt=\"2015_mallorca_2_001_900\" width=\"480\" height=\"270\" srcset=\"https:\/\/www.diejuniors.com\/wp-content\/uploads\/2015\/08\/2015_mallorca_2_001_900-480x270.jpg 480w, https:\/\/www.diejuniors.com\/wp-content\/uploads\/2015\/08\/2015_mallorca_2_001_900.jpg 900w\" sizes=\"auto, (max-width: 480px) 100vw, 480px\" \/><\/a><figcaption id=\"caption-attachment-5009\" class=\"wp-caption-text\">Nach einem &#8222;Fr\u00fchst\u00fcck mit Aussicht&#8220; machten wir uns auf den Weg \ud83d\ude42<\/figcaption><\/figure>\n<dl id=\"attachment_5009\" class=\"wp-caption aligncenter\" style=\"width: 490px;\">\n<dt class=\"wp-caption-dt\"><\/dt>\n<\/dl>\n<figure id=\"attachment_5010\" aria-describedby=\"caption-attachment-5010\" style=\"width: 270px\" class=\"wp-caption aligncenter\"><a href=\"http:\/\/www.diejuniors.com\/?attachment_id=5010\" rel=\"attachment wp-att-5010\"><img loading=\"lazy\" decoding=\"async\" class=\"wp-image-5010 size-medium\" src=\"http:\/\/www.diejuniors.com\/wp-content\/uploads\/2015\/08\/2015_mallorca_2_002_900-270x480.jpg\" alt=\"2015_mallorca_2_002_900\" width=\"270\" height=\"480\" srcset=\"https:\/\/www.diejuniors.com\/wp-content\/uploads\/2015\/08\/2015_mallorca_2_002_900-270x480.jpg 270w, https:\/\/www.diejuniors.com\/wp-content\/uploads\/2015\/08\/2015_mallorca_2_002_900.jpg 506w\" sizes=\"auto, (max-width: 270px) 100vw, 270px\" \/><\/a><figcaption id=\"caption-attachment-5010\" class=\"wp-caption-text\">Bl\u00fctenpracht am Wegesrand \ud83d\ude42<\/figcaption><\/figure>\n<figure id=\"attachment_5011\" aria-describedby=\"caption-attachment-5011\" style=\"width: 480px\" class=\"wp-caption aligncenter\"><a href=\"http:\/\/www.diejuniors.com\/?attachment_id=5011\" rel=\"attachment wp-att-5011\"><img loading=\"lazy\" decoding=\"async\" class=\"wp-image-5011 size-medium\" src=\"http:\/\/www.diejuniors.com\/wp-content\/uploads\/2015\/08\/2015_mallorca_2_003_900-480x270.jpg\" alt=\"2015_mallorca_2_003_900\" width=\"480\" height=\"270\" srcset=\"https:\/\/www.diejuniors.com\/wp-content\/uploads\/2015\/08\/2015_mallorca_2_003_900-480x270.jpg 480w, https:\/\/www.diejuniors.com\/wp-content\/uploads\/2015\/08\/2015_mallorca_2_003_900.jpg 900w\" sizes=\"auto, (max-width: 480px) 100vw, 480px\" \/><\/a><figcaption id=\"caption-attachment-5011\" class=\"wp-caption-text\">Ein &#8222;Algenstrand&#8220; auf dem Weg nach Port de Pollen\u00e7a&#8230;<\/figcaption><\/figure>\n<figure id=\"attachment_5012\" aria-describedby=\"caption-attachment-5012\" style=\"width: 480px\" class=\"wp-caption aligncenter\"><a href=\"http:\/\/www.diejuniors.com\/?attachment_id=5012\" rel=\"attachment wp-att-5012\"><img loading=\"lazy\" decoding=\"async\" class=\"wp-image-5012 size-medium\" src=\"http:\/\/www.diejuniors.com\/wp-content\/uploads\/2015\/08\/2015_mallorca_2_004_900-480x270.jpg\" alt=\"2015_mallorca_2_004_900\" width=\"480\" height=\"270\" srcset=\"https:\/\/www.diejuniors.com\/wp-content\/uploads\/2015\/08\/2015_mallorca_2_004_900-480x270.jpg 480w, https:\/\/www.diejuniors.com\/wp-content\/uploads\/2015\/08\/2015_mallorca_2_004_900.jpg 900w\" sizes=\"auto, (max-width: 480px) 100vw, 480px\" \/><\/a><figcaption id=\"caption-attachment-5012\" class=\"wp-caption-text\">&#8230; und hier der Sandstrand direkt im Ort Port de Pollen\u00e7a.<\/figcaption><\/figure>\n<figure id=\"attachment_5013\" aria-describedby=\"caption-attachment-5013\" style=\"width: 270px\" class=\"wp-caption aligncenter\"><a href=\"http:\/\/www.diejuniors.com\/?attachment_id=5013\" rel=\"attachment wp-att-5013\"><img loading=\"lazy\" decoding=\"async\" class=\"wp-image-5013 size-medium\" src=\"http:\/\/www.diejuniors.com\/wp-content\/uploads\/2015\/08\/2015_mallorca_2_005_900-270x480.jpg\" alt=\"2015_mallorca_2_005_900\" width=\"270\" height=\"480\" srcset=\"https:\/\/www.diejuniors.com\/wp-content\/uploads\/2015\/08\/2015_mallorca_2_005_900-270x480.jpg 270w, https:\/\/www.diejuniors.com\/wp-content\/uploads\/2015\/08\/2015_mallorca_2_005_900.jpg 506w\" sizes=\"auto, (max-width: 270px) 100vw, 270px\" \/><\/a><figcaption id=\"caption-attachment-5013\" class=\"wp-caption-text\">Ein sch\u00f6ner, riesiger Schattenspender bei unserem kurzen Stopp \ud83d\ude42<\/figcaption><\/figure>\n<figure id=\"attachment_5014\" aria-describedby=\"caption-attachment-5014\" style=\"width: 480px\" class=\"wp-caption aligncenter\"><a href=\"http:\/\/www.diejuniors.com\/?attachment_id=5014\" rel=\"attachment wp-att-5014\"><img loading=\"lazy\" decoding=\"async\" class=\"wp-image-5014 size-medium\" src=\"http:\/\/www.diejuniors.com\/wp-content\/uploads\/2015\/08\/2015_mallorca_2_006_900-480x270.jpg\" alt=\"2015_mallorca_2_006_900\" width=\"480\" height=\"270\" srcset=\"https:\/\/www.diejuniors.com\/wp-content\/uploads\/2015\/08\/2015_mallorca_2_006_900-480x270.jpg 480w, https:\/\/www.diejuniors.com\/wp-content\/uploads\/2015\/08\/2015_mallorca_2_006_900.jpg 900w\" sizes=\"auto, (max-width: 480px) 100vw, 480px\" \/><\/a><figcaption id=\"caption-attachment-5014\" class=\"wp-caption-text\">Auf geht es in die Serpentinen&#8230; ein letzter Blick auf Port de Pollen\u00e7a<\/figcaption><\/figure>\n<figure id=\"attachment_5015\" aria-describedby=\"caption-attachment-5015\" style=\"width: 270px\" class=\"wp-caption aligncenter\"><a href=\"http:\/\/www.diejuniors.com\/?attachment_id=5015\" rel=\"attachment wp-att-5015\"><img loading=\"lazy\" decoding=\"async\" class=\"wp-image-5015 size-medium\" src=\"http:\/\/www.diejuniors.com\/wp-content\/uploads\/2015\/08\/2015_mallorca_2_007_900-270x480.jpg\" alt=\"2015_mallorca_2_007_900\" width=\"270\" height=\"480\" srcset=\"https:\/\/www.diejuniors.com\/wp-content\/uploads\/2015\/08\/2015_mallorca_2_007_900-270x480.jpg 270w, https:\/\/www.diejuniors.com\/wp-content\/uploads\/2015\/08\/2015_mallorca_2_007_900.jpg 506w\" sizes=\"auto, (max-width: 270px) 100vw, 270px\" \/><\/a><figcaption id=\"caption-attachment-5015\" class=\"wp-caption-text\">Die K\u00fcste wir immer&#8230;<\/figcaption><\/figure>\n<figure id=\"attachment_5016\" aria-describedby=\"caption-attachment-5016\" style=\"width: 270px\" class=\"wp-caption aligncenter\"><a href=\"http:\/\/www.diejuniors.com\/?attachment_id=5016\" rel=\"attachment wp-att-5016\"><img loading=\"lazy\" decoding=\"async\" class=\"wp-image-5016 size-medium\" src=\"http:\/\/www.diejuniors.com\/wp-content\/uploads\/2015\/08\/2015_mallorca_2_008_900-270x480.jpg\" alt=\"2015_mallorca_2_008_900\" width=\"270\" height=\"480\" srcset=\"https:\/\/www.diejuniors.com\/wp-content\/uploads\/2015\/08\/2015_mallorca_2_008_900-270x480.jpg 270w, https:\/\/www.diejuniors.com\/wp-content\/uploads\/2015\/08\/2015_mallorca_2_008_900.jpg 506w\" sizes=\"auto, (max-width: 270px) 100vw, 270px\" \/><\/a><figcaption id=\"caption-attachment-5016\" class=\"wp-caption-text\">&#8230; steiler und schroffer.<\/figcaption><\/figure>\n<figure id=\"attachment_5017\" aria-describedby=\"caption-attachment-5017\" style=\"width: 480px\" class=\"wp-caption aligncenter\"><a href=\"http:\/\/www.diejuniors.com\/?attachment_id=5017\" rel=\"attachment wp-att-5017\"><img loading=\"lazy\" decoding=\"async\" class=\"wp-image-5017 size-medium\" src=\"http:\/\/www.diejuniors.com\/wp-content\/uploads\/2015\/08\/2015_mallorca_2_009_900-480x270.jpg\" alt=\"2015_mallorca_2_009_900\" width=\"480\" height=\"270\" srcset=\"https:\/\/www.diejuniors.com\/wp-content\/uploads\/2015\/08\/2015_mallorca_2_009_900-480x270.jpg 480w, https:\/\/www.diejuniors.com\/wp-content\/uploads\/2015\/08\/2015_mallorca_2_009_900.jpg 900w\" sizes=\"auto, (max-width: 480px) 100vw, 480px\" \/><\/a><figcaption id=\"caption-attachment-5017\" class=\"wp-caption-text\">F\u00fcr ein sch\u00f6nes Erinnerungsfoto klettern wir fast \u00fcberall hin \ud83d\ude09<\/figcaption><\/figure>\n<figure id=\"attachment_5018\" aria-describedby=\"caption-attachment-5018\" style=\"width: 270px\" class=\"wp-caption aligncenter\"><a href=\"http:\/\/www.diejuniors.com\/?attachment_id=5018\" rel=\"attachment wp-att-5018\"><img loading=\"lazy\" decoding=\"async\" class=\"wp-image-5018 size-medium\" src=\"http:\/\/www.diejuniors.com\/wp-content\/uploads\/2015\/08\/2015_mallorca_2_010_900-270x480.jpg\" alt=\"2015_mallorca_2_010_900\" width=\"270\" height=\"480\" srcset=\"https:\/\/www.diejuniors.com\/wp-content\/uploads\/2015\/08\/2015_mallorca_2_010_900-270x480.jpg 270w, https:\/\/www.diejuniors.com\/wp-content\/uploads\/2015\/08\/2015_mallorca_2_010_900.jpg 506w\" sizes=\"auto, (max-width: 270px) 100vw, 270px\" \/><\/a><figcaption id=\"caption-attachment-5018\" class=\"wp-caption-text\">Bei der &#8222;Arbeit&#8220; \ud83d\ude09<\/figcaption><\/figure>\n<figure id=\"attachment_5019\" aria-describedby=\"caption-attachment-5019\" style=\"width: 480px\" class=\"wp-caption aligncenter\"><a href=\"http:\/\/www.diejuniors.com\/?attachment_id=5019\" rel=\"attachment wp-att-5019\"><img loading=\"lazy\" decoding=\"async\" class=\"wp-image-5019 size-medium\" src=\"http:\/\/www.diejuniors.com\/wp-content\/uploads\/2015\/08\/2015_mallorca_2_011_900-480x270.jpg\" alt=\"2015_mallorca_2_011_900\" width=\"480\" height=\"270\" srcset=\"https:\/\/www.diejuniors.com\/wp-content\/uploads\/2015\/08\/2015_mallorca_2_011_900-480x270.jpg 480w, https:\/\/www.diejuniors.com\/wp-content\/uploads\/2015\/08\/2015_mallorca_2_011_900.jpg 900w\" sizes=\"auto, (max-width: 480px) 100vw, 480px\" \/><\/a><figcaption id=\"caption-attachment-5019\" class=\"wp-caption-text\">An diese Durchfahrt konnten wir uns noch erinnern \ud83d\ude09<\/figcaption><\/figure>\n<figure id=\"attachment_5020\" aria-describedby=\"caption-attachment-5020\" style=\"width: 480px\" class=\"wp-caption aligncenter\"><a href=\"http:\/\/www.diejuniors.com\/?attachment_id=5020\" rel=\"attachment wp-att-5020\"><img loading=\"lazy\" decoding=\"async\" class=\"wp-image-5020 size-medium\" src=\"http:\/\/www.diejuniors.com\/wp-content\/uploads\/2015\/08\/2015_mallorca_2_012_900-480x270.jpg\" alt=\"2015_mallorca_2_012_900\" width=\"480\" height=\"270\" srcset=\"https:\/\/www.diejuniors.com\/wp-content\/uploads\/2015\/08\/2015_mallorca_2_012_900-480x270.jpg 480w, https:\/\/www.diejuniors.com\/wp-content\/uploads\/2015\/08\/2015_mallorca_2_012_900.jpg 900w\" sizes=\"auto, (max-width: 480px) 100vw, 480px\" \/><\/a><figcaption id=\"caption-attachment-5020\" class=\"wp-caption-text\">Es geht immer h\u00f6her&#8230;<\/figcaption><\/figure>\n<figure id=\"attachment_5021\" aria-describedby=\"caption-attachment-5021\" style=\"width: 480px\" class=\"wp-caption aligncenter\"><a href=\"http:\/\/www.diejuniors.com\/?attachment_id=5021\" rel=\"attachment wp-att-5021\"><img loading=\"lazy\" decoding=\"async\" class=\"wp-image-5021 size-medium\" src=\"http:\/\/www.diejuniors.com\/wp-content\/uploads\/2015\/08\/2015_mallorca_2_013_900-480x270.jpg\" alt=\"2015_mallorca_2_013_900\" width=\"480\" height=\"270\" srcset=\"https:\/\/www.diejuniors.com\/wp-content\/uploads\/2015\/08\/2015_mallorca_2_013_900-480x270.jpg 480w, https:\/\/www.diejuniors.com\/wp-content\/uploads\/2015\/08\/2015_mallorca_2_013_900.jpg 900w\" sizes=\"auto, (max-width: 480px) 100vw, 480px\" \/><\/a><figcaption id=\"caption-attachment-5021\" class=\"wp-caption-text\">&#8230; und h\u00f6her \ud83d\ude42<\/figcaption><\/figure>\n<figure id=\"attachment_5022\" aria-describedby=\"caption-attachment-5022\" style=\"width: 480px\" class=\"wp-caption aligncenter\"><a href=\"http:\/\/www.diejuniors.com\/?attachment_id=5022\" rel=\"attachment wp-att-5022\"><img loading=\"lazy\" decoding=\"async\" class=\"wp-image-5022 size-medium\" src=\"http:\/\/www.diejuniors.com\/wp-content\/uploads\/2015\/08\/2015_mallorca_2_014_900-480x270.jpg\" alt=\"2015_mallorca_2_014_900\" width=\"480\" height=\"270\" srcset=\"https:\/\/www.diejuniors.com\/wp-content\/uploads\/2015\/08\/2015_mallorca_2_014_900-480x270.jpg 480w, https:\/\/www.diejuniors.com\/wp-content\/uploads\/2015\/08\/2015_mallorca_2_014_900.jpg 900w\" sizes=\"auto, (max-width: 480px) 100vw, 480px\" \/><\/a><figcaption id=\"caption-attachment-5022\" class=\"wp-caption-text\">Die Wolken stehen aber wirklich tief \ud83d\ude41<\/figcaption><\/figure>\n<figure id=\"attachment_5023\" aria-describedby=\"caption-attachment-5023\" style=\"width: 270px\" class=\"wp-caption aligncenter\"><a href=\"http:\/\/www.diejuniors.com\/?attachment_id=5023\" rel=\"attachment wp-att-5023\"><img loading=\"lazy\" decoding=\"async\" class=\"wp-image-5023 size-medium\" src=\"http:\/\/www.diejuniors.com\/wp-content\/uploads\/2015\/08\/2015_mallorca_2_015_900-270x480.jpg\" alt=\"2015_mallorca_2_015_900\" width=\"270\" height=\"480\" srcset=\"https:\/\/www.diejuniors.com\/wp-content\/uploads\/2015\/08\/2015_mallorca_2_015_900-270x480.jpg 270w, https:\/\/www.diejuniors.com\/wp-content\/uploads\/2015\/08\/2015_mallorca_2_015_900.jpg 506w\" sizes=\"auto, (max-width: 270px) 100vw, 270px\" \/><\/a><figcaption id=\"caption-attachment-5023\" class=\"wp-caption-text\">Die Aussicht wird schlechter.<\/figcaption><\/figure>\n<figure id=\"attachment_5024\" aria-describedby=\"caption-attachment-5024\" style=\"width: 480px\" class=\"wp-caption aligncenter\"><a href=\"http:\/\/www.diejuniors.com\/?attachment_id=5024\" rel=\"attachment wp-att-5024\"><img loading=\"lazy\" decoding=\"async\" class=\"wp-image-5024 size-medium\" src=\"http:\/\/www.diejuniors.com\/wp-content\/uploads\/2015\/08\/2015_mallorca_2_016_900-480x270.jpg\" alt=\"2015_mallorca_2_016_900\" width=\"480\" height=\"270\" srcset=\"https:\/\/www.diejuniors.com\/wp-content\/uploads\/2015\/08\/2015_mallorca_2_016_900-480x270.jpg 480w, https:\/\/www.diejuniors.com\/wp-content\/uploads\/2015\/08\/2015_mallorca_2_016_900.jpg 900w\" sizes=\"auto, (max-width: 480px) 100vw, 480px\" \/><\/a><figcaption id=\"caption-attachment-5024\" class=\"wp-caption-text\">Cabrio-Power am Leuchtturm \ud83d\ude09<\/figcaption><\/figure>\n<figure id=\"attachment_5025\" aria-describedby=\"caption-attachment-5025\" style=\"width: 480px\" class=\"wp-caption aligncenter\"><a href=\"http:\/\/www.diejuniors.com\/?attachment_id=5025\" rel=\"attachment wp-att-5025\"><img loading=\"lazy\" decoding=\"async\" class=\"wp-image-5025 size-medium\" src=\"http:\/\/www.diejuniors.com\/wp-content\/uploads\/2015\/08\/2015_mallorca_2_017_900-480x270.jpg\" alt=\"2015_mallorca_2_017_900\" width=\"480\" height=\"270\" srcset=\"https:\/\/www.diejuniors.com\/wp-content\/uploads\/2015\/08\/2015_mallorca_2_017_900-480x270.jpg 480w, https:\/\/www.diejuniors.com\/wp-content\/uploads\/2015\/08\/2015_mallorca_2_017_900.jpg 900w\" sizes=\"auto, (max-width: 480px) 100vw, 480px\" \/><\/a><figcaption id=\"caption-attachment-5025\" class=\"wp-caption-text\">Das letzte St\u00fcck Stra\u00dfe zum Leuchtturm&#8230; zeitweise gar nicht so einfach einen Parkplatz dort oben zu bekommen.<\/figcaption><\/figure>\n<figure id=\"attachment_5044\" aria-describedby=\"caption-attachment-5044\" style=\"width: 480px\" class=\"wp-caption aligncenter\"><a href=\"http:\/\/www.diejuniors.com\/?attachment_id=5044\" rel=\"attachment wp-att-5044\"><img loading=\"lazy\" decoding=\"async\" class=\"wp-image-5044 size-medium\" src=\"http:\/\/www.diejuniors.com\/wp-content\/uploads\/2015\/08\/2015_mallorca_2_017a_900-480x270.jpg\" alt=\"2015_mallorca_2_017a_900\" width=\"480\" height=\"270\" srcset=\"https:\/\/www.diejuniors.com\/wp-content\/uploads\/2015\/08\/2015_mallorca_2_017a_900-480x270.jpg 480w, https:\/\/www.diejuniors.com\/wp-content\/uploads\/2015\/08\/2015_mallorca_2_017a_900.jpg 900w\" sizes=\"auto, (max-width: 480px) 100vw, 480px\" \/><\/a><figcaption id=\"caption-attachment-5044\" class=\"wp-caption-text\">Cap de Formentor in den Wolken<\/figcaption><\/figure>\n<figure id=\"attachment_5026\" aria-describedby=\"caption-attachment-5026\" style=\"width: 270px\" class=\"wp-caption aligncenter\"><a href=\"http:\/\/www.diejuniors.com\/?attachment_id=5026\" rel=\"attachment wp-att-5026\"><img loading=\"lazy\" decoding=\"async\" class=\"wp-image-5026 size-medium\" src=\"http:\/\/www.diejuniors.com\/wp-content\/uploads\/2015\/08\/2015_mallorca_2_018_900-270x480.jpg\" alt=\"2015_mallorca_2_018_900\" width=\"270\" height=\"480\" srcset=\"https:\/\/www.diejuniors.com\/wp-content\/uploads\/2015\/08\/2015_mallorca_2_018_900-270x480.jpg 270w, https:\/\/www.diejuniors.com\/wp-content\/uploads\/2015\/08\/2015_mallorca_2_018_900.jpg 506w\" sizes=\"auto, (max-width: 270px) 100vw, 270px\" \/><\/a><figcaption id=\"caption-attachment-5026\" class=\"wp-caption-text\">F\u00fcr ein Touristen-Foto posiere ich doch gerne \ud83d\ude09<\/figcaption><\/figure>\n<p>&nbsp;<\/p>\n<figure id=\"attachment_5027\" aria-describedby=\"caption-attachment-5027\" style=\"width: 480px\" class=\"wp-caption aligncenter\"><a href=\"http:\/\/www.diejuniors.com\/?attachment_id=5027\" rel=\"attachment wp-att-5027\"><img loading=\"lazy\" decoding=\"async\" class=\"wp-image-5027 size-medium\" src=\"http:\/\/www.diejuniors.com\/wp-content\/uploads\/2015\/08\/2015_mallorca_2_019_900-480x270.jpg\" alt=\"2015_mallorca_2_019_900\" width=\"480\" height=\"270\" srcset=\"https:\/\/www.diejuniors.com\/wp-content\/uploads\/2015\/08\/2015_mallorca_2_019_900-480x270.jpg 480w, https:\/\/www.diejuniors.com\/wp-content\/uploads\/2015\/08\/2015_mallorca_2_019_900.jpg 900w\" sizes=\"auto, (max-width: 480px) 100vw, 480px\" \/><\/a><figcaption id=\"caption-attachment-5027\" class=\"wp-caption-text\">T\u00fcrkisfarbendes Wasser glitzert in dieser Bucht auf der R\u00fcckfahrt.<\/figcaption><\/figure>\n<figure id=\"attachment_5028\" aria-describedby=\"caption-attachment-5028\" style=\"width: 480px\" class=\"wp-caption aligncenter\"><a href=\"http:\/\/www.diejuniors.com\/?attachment_id=5028\" rel=\"attachment wp-att-5028\"><img loading=\"lazy\" decoding=\"async\" class=\"wp-image-5028 size-medium\" src=\"http:\/\/www.diejuniors.com\/wp-content\/uploads\/2015\/08\/2015_mallorca_2_020_900-480x270.jpg\" alt=\"2015_mallorca_2_020_900\" width=\"480\" height=\"270\" srcset=\"https:\/\/www.diejuniors.com\/wp-content\/uploads\/2015\/08\/2015_mallorca_2_020_900-480x270.jpg 480w, https:\/\/www.diejuniors.com\/wp-content\/uploads\/2015\/08\/2015_mallorca_2_020_900.jpg 900w\" sizes=\"auto, (max-width: 480px) 100vw, 480px\" \/><\/a><figcaption id=\"caption-attachment-5028\" class=\"wp-caption-text\">Port de Pollen\u00e7a ist wieder in Sicht<\/figcaption><\/figure>\n<figure id=\"attachment_5029\" aria-describedby=\"caption-attachment-5029\" style=\"width: 480px\" class=\"wp-caption aligncenter\"><a href=\"http:\/\/www.diejuniors.com\/?attachment_id=5029\" rel=\"attachment wp-att-5029\"><img loading=\"lazy\" decoding=\"async\" class=\"wp-image-5029 size-medium\" src=\"http:\/\/www.diejuniors.com\/wp-content\/uploads\/2015\/08\/2015_mallorca_2_021_900-480x270.jpg\" alt=\"2015_mallorca_2_021_900\" width=\"480\" height=\"270\" srcset=\"https:\/\/www.diejuniors.com\/wp-content\/uploads\/2015\/08\/2015_mallorca_2_021_900-480x270.jpg 480w, https:\/\/www.diejuniors.com\/wp-content\/uploads\/2015\/08\/2015_mallorca_2_021_900.jpg 900w\" sizes=\"auto, (max-width: 480px) 100vw, 480px\" \/><\/a><figcaption id=\"caption-attachment-5029\" class=\"wp-caption-text\">Bl\u00fctenpracht hinter eine Tankstelle in Port de Pollen\u00e7a&#8230;<\/figcaption><\/figure>\n<figure id=\"attachment_5030\" aria-describedby=\"caption-attachment-5030\" style=\"width: 480px\" class=\"wp-caption aligncenter\"><a href=\"http:\/\/www.diejuniors.com\/?attachment_id=5030\" rel=\"attachment wp-att-5030\"><img loading=\"lazy\" decoding=\"async\" class=\"wp-image-5030 size-medium\" src=\"http:\/\/www.diejuniors.com\/wp-content\/uploads\/2015\/08\/2015_mallorca_2_022_900-480x270.jpg\" alt=\"2015_mallorca_2_022_900\" width=\"480\" height=\"270\" srcset=\"https:\/\/www.diejuniors.com\/wp-content\/uploads\/2015\/08\/2015_mallorca_2_022_900-480x270.jpg 480w, https:\/\/www.diejuniors.com\/wp-content\/uploads\/2015\/08\/2015_mallorca_2_022_900.jpg 900w\" sizes=\"auto, (max-width: 480px) 100vw, 480px\" \/><\/a><figcaption id=\"caption-attachment-5030\" class=\"wp-caption-text\">&#8230; und eine &#8222;Heidelandschaft&#8220;, die uns an Zuhause erinnert \ud83d\ude09<\/figcaption><\/figure>\n<figure id=\"attachment_5031\" aria-describedby=\"caption-attachment-5031\" style=\"width: 480px\" class=\"wp-caption aligncenter\"><a href=\"http:\/\/www.diejuniors.com\/?attachment_id=5031\" rel=\"attachment wp-att-5031\"><img loading=\"lazy\" decoding=\"async\" class=\"wp-image-5031 size-medium\" src=\"http:\/\/www.diejuniors.com\/wp-content\/uploads\/2015\/08\/2015_mallorca_2_023_900-480x270.jpg\" alt=\"2015_mallorca_2_023_900\" width=\"480\" height=\"270\" srcset=\"https:\/\/www.diejuniors.com\/wp-content\/uploads\/2015\/08\/2015_mallorca_2_023_900-480x270.jpg 480w, https:\/\/www.diejuniors.com\/wp-content\/uploads\/2015\/08\/2015_mallorca_2_023_900.jpg 900w\" sizes=\"auto, (max-width: 480px) 100vw, 480px\" \/><\/a><figcaption id=\"caption-attachment-5031\" class=\"wp-caption-text\">Wow&#8230; was f\u00fcr ein sch\u00f6ner Sonnenuntergang&#8230;<\/figcaption><\/figure>\n<figure id=\"attachment_5032\" aria-describedby=\"caption-attachment-5032\" style=\"width: 480px\" class=\"wp-caption aligncenter\"><a href=\"http:\/\/www.diejuniors.com\/?attachment_id=5032\" rel=\"attachment wp-att-5032\"><img loading=\"lazy\" decoding=\"async\" class=\"wp-image-5032 size-medium\" src=\"http:\/\/www.diejuniors.com\/wp-content\/uploads\/2015\/08\/2015_mallorca_2_024_900-480x270.jpg\" alt=\"2015_mallorca_2_024_900\" width=\"480\" height=\"270\" srcset=\"https:\/\/www.diejuniors.com\/wp-content\/uploads\/2015\/08\/2015_mallorca_2_024_900-480x270.jpg 480w, https:\/\/www.diejuniors.com\/wp-content\/uploads\/2015\/08\/2015_mallorca_2_024_900.jpg 900w\" sizes=\"auto, (max-width: 480px) 100vw, 480px\" \/><\/a><figcaption id=\"caption-attachment-5032\" class=\"wp-caption-text\">&#8230; die richtige Stimmung f\u00fcr ein leckeres Barbecue auf der Terrasse.<\/figcaption><\/figure>\n<figure id=\"attachment_5033\" aria-describedby=\"caption-attachment-5033\" style=\"width: 480px\" class=\"wp-caption aligncenter\"><a href=\"http:\/\/www.diejuniors.com\/?attachment_id=5033\" rel=\"attachment wp-att-5033\"><img loading=\"lazy\" decoding=\"async\" class=\"wp-image-5033 size-medium\" src=\"http:\/\/www.diejuniors.com\/wp-content\/uploads\/2015\/08\/2015_mallorca_2_025_900-480x270.jpg\" alt=\"2015_mallorca_2_025_900\" width=\"480\" height=\"270\" srcset=\"https:\/\/www.diejuniors.com\/wp-content\/uploads\/2015\/08\/2015_mallorca_2_025_900-480x270.jpg 480w, https:\/\/www.diejuniors.com\/wp-content\/uploads\/2015\/08\/2015_mallorca_2_025_900.jpg 900w\" sizes=\"auto, (max-width: 480px) 100vw, 480px\" \/><\/a><figcaption id=\"caption-attachment-5033\" class=\"wp-caption-text\">Abendstimmung auf&#8230;<\/figcaption><\/figure>\n<figure id=\"attachment_5034\" aria-describedby=\"caption-attachment-5034\" style=\"width: 480px\" class=\"wp-caption aligncenter\"><a href=\"http:\/\/www.diejuniors.com\/?attachment_id=5034\" rel=\"attachment wp-att-5034\"><img loading=\"lazy\" decoding=\"async\" class=\"wp-image-5034 size-medium\" src=\"http:\/\/www.diejuniors.com\/wp-content\/uploads\/2015\/08\/2015_mallorca_2_026_900-480x270.jpg\" alt=\"2015_mallorca_2_026_900\" width=\"480\" height=\"270\" srcset=\"https:\/\/www.diejuniors.com\/wp-content\/uploads\/2015\/08\/2015_mallorca_2_026_900-480x270.jpg 480w, https:\/\/www.diejuniors.com\/wp-content\/uploads\/2015\/08\/2015_mallorca_2_026_900.jpg 900w\" sizes=\"auto, (max-width: 480px) 100vw, 480px\" \/><\/a><figcaption id=\"caption-attachment-5034\" class=\"wp-caption-text\">&#8230; der Finca.<\/figcaption><\/figure>\n<figure id=\"attachment_5035\" aria-describedby=\"caption-attachment-5035\" style=\"width: 480px\" class=\"wp-caption aligncenter\"><a href=\"http:\/\/www.diejuniors.com\/?attachment_id=5035\" rel=\"attachment wp-att-5035\"><img loading=\"lazy\" decoding=\"async\" class=\"wp-image-5035 size-medium\" src=\"http:\/\/www.diejuniors.com\/wp-content\/uploads\/2015\/08\/2015_mallorca_2_027_900-480x270.jpg\" alt=\"2015_mallorca_2_027_900\" width=\"480\" height=\"270\" srcset=\"https:\/\/www.diejuniors.com\/wp-content\/uploads\/2015\/08\/2015_mallorca_2_027_900-480x270.jpg 480w, https:\/\/www.diejuniors.com\/wp-content\/uploads\/2015\/08\/2015_mallorca_2_027_900.jpg 900w\" sizes=\"auto, (max-width: 480px) 100vw, 480px\" \/><\/a><figcaption id=\"caption-attachment-5035\" class=\"wp-caption-text\">Am n\u00e4chsten Morgen geht es&#8230;<\/figcaption><\/figure>\n<figure id=\"attachment_5036\" aria-describedby=\"caption-attachment-5036\" style=\"width: 480px\" class=\"wp-caption aligncenter\"><a href=\"http:\/\/www.diejuniors.com\/?attachment_id=5036\" rel=\"attachment wp-att-5036\"><img loading=\"lazy\" decoding=\"async\" class=\"wp-image-5036 size-medium\" src=\"http:\/\/www.diejuniors.com\/wp-content\/uploads\/2015\/08\/2015_mallorca_2_028_900-480x270.jpg\" alt=\"2015_mallorca_2_028_900\" width=\"480\" height=\"270\" srcset=\"https:\/\/www.diejuniors.com\/wp-content\/uploads\/2015\/08\/2015_mallorca_2_028_900-480x270.jpg 480w, https:\/\/www.diejuniors.com\/wp-content\/uploads\/2015\/08\/2015_mallorca_2_028_900.jpg 900w\" sizes=\"auto, (max-width: 480px) 100vw, 480px\" \/><\/a><figcaption id=\"caption-attachment-5036\" class=\"wp-caption-text\">&#8230; durch das Landesinnere nach Torrent de Pareis.<\/figcaption><\/figure>\n<figure id=\"attachment_5045\" aria-describedby=\"caption-attachment-5045\" style=\"width: 480px\" class=\"wp-caption aligncenter\"><a href=\"http:\/\/www.diejuniors.com\/?attachment_id=5045\" rel=\"attachment wp-att-5045\"><img loading=\"lazy\" decoding=\"async\" class=\"wp-image-5045 size-medium\" src=\"http:\/\/www.diejuniors.com\/wp-content\/uploads\/2015\/08\/2015_mallorca_2_029_900-480x270.jpg\" alt=\"2015_mallorca_2_029_900\" width=\"480\" height=\"270\" srcset=\"https:\/\/www.diejuniors.com\/wp-content\/uploads\/2015\/08\/2015_mallorca_2_029_900-480x270.jpg 480w, https:\/\/www.diejuniors.com\/wp-content\/uploads\/2015\/08\/2015_mallorca_2_029_900.jpg 900w\" sizes=\"auto, (max-width: 480px) 100vw, 480px\" \/><\/a><figcaption id=\"caption-attachment-5045\" class=\"wp-caption-text\">Angekommen&#8230;<\/figcaption><\/figure>\n<figure id=\"attachment_5046\" aria-describedby=\"caption-attachment-5046\" style=\"width: 480px\" class=\"wp-caption aligncenter\"><a href=\"http:\/\/www.diejuniors.com\/?attachment_id=5046\" rel=\"attachment wp-att-5046\"><img loading=\"lazy\" decoding=\"async\" class=\"wp-image-5046 size-medium\" src=\"http:\/\/www.diejuniors.com\/wp-content\/uploads\/2015\/08\/2015_mallorca_2_030_900-480x270.jpg\" alt=\"2015_mallorca_2_030_900\" width=\"480\" height=\"270\" srcset=\"https:\/\/www.diejuniors.com\/wp-content\/uploads\/2015\/08\/2015_mallorca_2_030_900-480x270.jpg 480w, https:\/\/www.diejuniors.com\/wp-content\/uploads\/2015\/08\/2015_mallorca_2_030_900.jpg 900w\" sizes=\"auto, (max-width: 480px) 100vw, 480px\" \/><\/a><figcaption id=\"caption-attachment-5046\" class=\"wp-caption-text\">&#8230; nur noch ein kleiner Spaziergang&#8230;<\/figcaption><\/figure>\n<figure id=\"attachment_5047\" aria-describedby=\"caption-attachment-5047\" style=\"width: 480px\" class=\"wp-caption aligncenter\"><a href=\"http:\/\/www.diejuniors.com\/?attachment_id=5047\" rel=\"attachment wp-att-5047\"><img loading=\"lazy\" decoding=\"async\" class=\"wp-image-5047 size-medium\" src=\"http:\/\/www.diejuniors.com\/wp-content\/uploads\/2015\/08\/2015_mallorca_2_031_900-480x270.jpg\" alt=\"2015_mallorca_2_031_900\" width=\"480\" height=\"270\" srcset=\"https:\/\/www.diejuniors.com\/wp-content\/uploads\/2015\/08\/2015_mallorca_2_031_900-480x270.jpg 480w, https:\/\/www.diejuniors.com\/wp-content\/uploads\/2015\/08\/2015_mallorca_2_031_900.jpg 900w\" sizes=\"auto, (max-width: 480px) 100vw, 480px\" \/><\/a><figcaption id=\"caption-attachment-5047\" class=\"wp-caption-text\">&#8230; immer weiter&#8230;<\/figcaption><\/figure>\n<figure id=\"attachment_5048\" aria-describedby=\"caption-attachment-5048\" style=\"width: 480px\" class=\"wp-caption aligncenter\"><a href=\"http:\/\/www.diejuniors.com\/?attachment_id=5048\" rel=\"attachment wp-att-5048\"><img loading=\"lazy\" decoding=\"async\" class=\"wp-image-5048 size-medium\" src=\"http:\/\/www.diejuniors.com\/wp-content\/uploads\/2015\/08\/2015_mallorca_2_032_900-480x270.jpg\" alt=\"2015_mallorca_2_032_900\" width=\"480\" height=\"270\" srcset=\"https:\/\/www.diejuniors.com\/wp-content\/uploads\/2015\/08\/2015_mallorca_2_032_900-480x270.jpg 480w, https:\/\/www.diejuniors.com\/wp-content\/uploads\/2015\/08\/2015_mallorca_2_032_900.jpg 900w\" sizes=\"auto, (max-width: 480px) 100vw, 480px\" \/><\/a><figcaption id=\"caption-attachment-5048\" class=\"wp-caption-text\">&#8230; durch den Berg&#8230;<\/figcaption><\/figure>\n<figure id=\"attachment_5049\" aria-describedby=\"caption-attachment-5049\" style=\"width: 480px\" class=\"wp-caption aligncenter\"><a href=\"http:\/\/www.diejuniors.com\/?attachment_id=5049\" rel=\"attachment wp-att-5049\"><img loading=\"lazy\" decoding=\"async\" class=\"wp-image-5049 size-medium\" src=\"http:\/\/www.diejuniors.com\/wp-content\/uploads\/2015\/08\/2015_mallorca_2_033_900-480x270.jpg\" alt=\"2015_mallorca_2_033_900\" width=\"480\" height=\"270\" srcset=\"https:\/\/www.diejuniors.com\/wp-content\/uploads\/2015\/08\/2015_mallorca_2_033_900-480x270.jpg 480w, https:\/\/www.diejuniors.com\/wp-content\/uploads\/2015\/08\/2015_mallorca_2_033_900.jpg 900w\" sizes=\"auto, (max-width: 480px) 100vw, 480px\" \/><\/a><figcaption id=\"caption-attachment-5049\" class=\"wp-caption-text\">&#8230; angekommen \ud83d\ude42<\/figcaption><\/figure>\n<figure id=\"attachment_5050\" aria-describedby=\"caption-attachment-5050\" style=\"width: 480px\" class=\"wp-caption aligncenter\"><a href=\"http:\/\/www.diejuniors.com\/?attachment_id=5050\" rel=\"attachment wp-att-5050\"><img loading=\"lazy\" decoding=\"async\" class=\"wp-image-5050 size-medium\" src=\"http:\/\/www.diejuniors.com\/wp-content\/uploads\/2015\/08\/2015_mallorca_2_034_900-480x270.jpg\" alt=\"2015_mallorca_2_034_900\" width=\"480\" height=\"270\" srcset=\"https:\/\/www.diejuniors.com\/wp-content\/uploads\/2015\/08\/2015_mallorca_2_034_900-480x270.jpg 480w, https:\/\/www.diejuniors.com\/wp-content\/uploads\/2015\/08\/2015_mallorca_2_034_900.jpg 900w\" sizes=\"auto, (max-width: 480px) 100vw, 480px\" \/><\/a><figcaption id=\"caption-attachment-5050\" class=\"wp-caption-text\">Torrent de Pareis&#8230;<\/figcaption><\/figure>\n<figure id=\"attachment_5051\" aria-describedby=\"caption-attachment-5051\" style=\"width: 480px\" class=\"wp-caption aligncenter\"><a href=\"http:\/\/www.diejuniors.com\/?attachment_id=5051\" rel=\"attachment wp-att-5051\"><img loading=\"lazy\" decoding=\"async\" class=\"wp-image-5051 size-medium\" src=\"http:\/\/www.diejuniors.com\/wp-content\/uploads\/2015\/08\/2015_mallorca_2_035_900-480x270.jpg\" alt=\"2015_mallorca_2_035_900\" width=\"480\" height=\"270\" srcset=\"https:\/\/www.diejuniors.com\/wp-content\/uploads\/2015\/08\/2015_mallorca_2_035_900-480x270.jpg 480w, https:\/\/www.diejuniors.com\/wp-content\/uploads\/2015\/08\/2015_mallorca_2_035_900.jpg 900w\" sizes=\"auto, (max-width: 480px) 100vw, 480px\" \/><\/a><figcaption id=\"caption-attachment-5051\" class=\"wp-caption-text\">&#8230; ein kleiner versteckter Strand.<\/figcaption><\/figure>\n<figure id=\"attachment_5037\" aria-describedby=\"caption-attachment-5037\" style=\"width: 480px\" class=\"wp-caption aligncenter\"><a href=\"http:\/\/www.diejuniors.com\/?attachment_id=5037\" rel=\"attachment wp-att-5037\"><img loading=\"lazy\" decoding=\"async\" class=\"wp-image-5037 size-medium\" src=\"http:\/\/www.diejuniors.com\/wp-content\/uploads\/2015\/08\/2015_mallorca_2_040_900-480x270.jpg\" alt=\"2015_mallorca_2_040_900\" width=\"480\" height=\"270\" srcset=\"https:\/\/www.diejuniors.com\/wp-content\/uploads\/2015\/08\/2015_mallorca_2_040_900-480x270.jpg 480w, https:\/\/www.diejuniors.com\/wp-content\/uploads\/2015\/08\/2015_mallorca_2_040_900.jpg 900w\" sizes=\"auto, (max-width: 480px) 100vw, 480px\" \/><\/a><figcaption id=\"caption-attachment-5037\" class=\"wp-caption-text\">Und wieder ein toller Sonnenuntergang \ud83d\ude42<\/figcaption><\/figure>\n","protected":false},"excerpt":{"rendered":"<p>Unser n\u00e4chster Ausflug auf Mallorca f\u00fchrte uns zum Leuchtturm am Cap de Formentor. Diesen kannten wir schon von einem fr\u00fcheren Mallorca-Urlaub. Zuerst fuhren wir nach<\/p>\n","protected":false},"author":2,"featured_media":5007,"comment_status":"closed","ping_status":"closed","sticky":false,"template":"","format":"standard","meta":{"footnotes":""},"categories":[6],"tags":[239,231,240],"class_list":["post-5004","post","type-post","status-publish","format-standard","has-post-thumbnail","hentry","category-other","tag-cap-de-formentor","tag-mallorca","tag-torrent-de-pareis"],"_links":{"self":[{"href":"https:\/\/www.diejuniors.com\/index.php?rest_route=\/wp\/v2\/posts\/5004","targetHints":{"allow":["GET"]}}],"collection":[{"href":"https:\/\/www.diejuniors.com\/index.php?rest_route=\/wp\/v2\/posts"}],"about":[{"href":"https:\/\/www.diejuniors.com\/index.php?rest_route=\/wp\/v2\/types\/post"}],"author":[{"embeddable":true,"href":"https:\/\/www.diejuniors.com\/index.php?rest_route=\/wp\/v2\/users\/2"}],"replies":[{"embeddable":true,"href":"https:\/\/www.diejuniors.com\/index.php?rest_route=%2Fwp%2Fv2%2Fcomments&post=5004"}],"version-history":[{"count":13,"href":"https:\/\/www.diejuniors.com\/index.php?rest_route=\/wp\/v2\/posts\/5004\/revisions"}],"predecessor-version":[{"id":5054,"href":"https:\/\/www.diejuniors.com\/index.php?rest_route=\/wp\/v2\/posts\/5004\/revisions\/5054"}],"wp:featuredmedia":[{"embeddable":true,"href":"https:\/\/www.diejuniors.com\/index.php?rest_route=\/wp\/v2\/media\/5007"}],"wp:attachment":[{"href":"https:\/\/www.diejuniors.com\/index.php?rest_route=%2Fwp%2Fv2%2Fmedia&parent=5004"}],"wp:term":[{"taxonomy":"category","embeddable":true,"href":"https:\/\/www.diejuniors.com\/index.php?rest_route=%2Fwp%2Fv2%2Fcategories&post=5004"},{"taxonomy":"post_tag","embeddable":true,"href":"https:\/\/www.diejuniors.com\/index.php?rest_route=%2Fwp%2Fv2%2Ftags&post=5004"}],"curies":[{"name":"wp","href":"https:\/\/api.w.org\/{rel}","templated":true}]}}